{"id":1559,"date":"2023-02-20T17:43:30","date_gmt":"2023-02-20T16:43:30","guid":{"rendered":"https:\/\/www.apartmany-zabukem.cz\/?p=1559"},"modified":"2023-02-21T16:11:14","modified_gmt":"2023-02-21T15:11:14","slug":"horsky-resort-bukova-hora","status":"publish","type":"post","link":"https:\/\/www.apartmany-zabukem.cz\/en\/activities\/beech-mountain-resort\/","title":{"rendered":"Mountain resort Bukov\u00e1 Hora"},"content":{"rendered":"<p>The mountain resort Bukov\u00e1 hora connects 4 downhill slopes leading to Bukov\u00e1 hora from the traditional resort of \u010cenkovice and from the newer modern resort of \u010cerven\u00e9 Vody. The latter offers the two longest downhill runs in the Orlick\u00e9 Mountains and the most modern four-seater chairlift, with heated seats covered by a \"bubble\".<\/p>\n\n\n\n<p>For example, in the summer we have a wide range of activities for young and old&nbsp;<a href=\"http:\/\/www.skibukovka.cz\/cz\/mini-bike-park-sit-flow-s-traily-a-pumptrack\">Mini Bikepark Bukovka<\/a>&nbsp;or a busy schedule&nbsp;<a href=\"http:\/\/www.skibukovka.cz\/cz\/novinky\/kalendar-akci\">accompanying events<\/a>. The paths in the area are landscaped and can be used for other sports disciplines.  You will also find a mountain bike, e-bike and mountain cart rental. For those who like to see the world from above, paragliding is available.<\/p>\n\n\n\n<p><\/p>","protected":false},"excerpt":{"rendered":"<p>4 downhill runs - two longest downhill runs in the Eagle Mountains and a four-seat chairlift with heated seats with a \"bubble\". In the summer hiking, large bike park, paragliding, children's program.<\/p>","protected":false},"author":2,"featured_media":1560,"comment_status":"closed","ping_status":"closed","sticky":false,"template":"","format":"standard","meta":{"_acf_changed":false,"_kad_blocks_custom_css":"","_kad_blocks_head_custom_js":"","_kad_blocks_body_custom_js":"","_kad_blocks_footer_custom_js":"","_kad_post_transparent":"","_kad_post_title":"","_kad_post_layout":"","_kad_post_sidebar_id":"","_kad_post_content_style":"","_kad_post_vertical_padding":"","_kad_post_feature":"","_kad_post_feature_position":"","_kad_post_header":false,"_kad_post_footer":false,"slim_seo":{"title":"Horsk\u00fd resort Bukov\u00e1 Hora","description":"4 sjezdov\u00e9 trati - dv\u011b nejdel\u0161\u00ed sjezdov\u00e9 trat\u011b Orlick\u00fdch hor a nejmodern\u011bj\u0161\u00ed \u010dty\u0159seda\u010dkov\u00e1 lanovka s vyh\u0159\u00edvan\u00fdmi seda\u010dkami, kryt\u00fdmi \u201ebublinou\u201c."},"footnotes":""},"categories":[37,41,40,39],"tags":[105],"class_list":["post-1559","post","type-post","status-publish","format-standard","has-post-thumbnail","hentry","category-aktivity","category-aktivity-celorocne-orlicke-hory","category-aktivity-leto-orlicke-hory","category-aktivity-zima-orlicke-hory","tag-v-miste"],"acf":[],"taxonomy_info":{"category":[{"value":37,"label":"Aktivity"},{"value":41,"label":"Celoro\u010dn\u011b"},{"value":40,"label":"L\u00e9to"},{"value":39,"label":"Zima"}],"post_tag":[{"value":105,"label":"v m\u00edst\u011b"}]},"featured_image_src_large":["https:\/\/www.apartmany-zabukem.cz\/wp-content\/uploads\/2023\/02\/x2.jpeg",1024,681,false],"author_info":{"display_name":"MartinaH","author_link":"https:\/\/www.apartmany-zabukem.cz\/en\/author\/martinah\/"},"comment_info":0,"category_info":[{"term_id":37,"name":"Aktivity","slug":"aktivity","term_group":0,"term_taxonomy_id":37,"taxonomy":"category","description":"","parent":0,"count":32,"filter":"raw","cat_ID":37,"category_count":32,"category_description":"","cat_name":"Aktivity","category_nicename":"aktivity","category_parent":0},{"term_id":41,"name":"Celoro\u010dn\u011b","slug":"aktivity-celorocne-orlicke-hory","term_group":0,"term_taxonomy_id":41,"taxonomy":"category","description":"","parent":37,"count":17,"filter":"raw","cat_ID":41,"category_count":17,"category_description":"","cat_name":"Celoro\u010dn\u011b","category_nicename":"aktivity-celorocne-orlicke-hory","category_parent":37},{"term_id":40,"name":"L\u00e9to","slug":"aktivity-leto-orlicke-hory","term_group":0,"term_taxonomy_id":40,"taxonomy":"category","description":"","parent":37,"count":17,"filter":"raw","cat_ID":40,"category_count":17,"category_description":"","cat_name":"L\u00e9to","category_nicename":"aktivity-leto-orlicke-hory","category_parent":37},{"term_id":39,"name":"Zima","slug":"aktivity-zima-orlicke-hory","term_group":0,"term_taxonomy_id":39,"taxonomy":"category","description":"","parent":37,"count":6,"filter":"raw","cat_ID":39,"category_count":6,"category_description":"","cat_name":"Zima","category_nicename":"aktivity-zima-orlicke-hory","category_parent":37}],"tag_info":[{"term_id":105,"name":"v m\u00edst\u011b","slug":"v-miste","term_group":0,"term_taxonomy_id":105,"taxonomy":"post_tag","description":"","parent":0,"count":2,"filter":"raw"}],"_links":{"self":[{"href":"https:\/\/www.apartmany-zabukem.cz\/en\/wp-json\/wp\/v2\/posts\/1559","targetHints":{"allow":["GET"]}}],"collection":[{"href":"https:\/\/www.apartmany-zabukem.cz\/en\/wp-json\/wp\/v2\/posts"}],"about":[{"href":"https:\/\/www.apartmany-zabukem.cz\/en\/wp-json\/wp\/v2\/types\/post"}],"author":[{"embeddable":true,"href":"https:\/\/www.apartmany-zabukem.cz\/en\/wp-json\/wp\/v2\/users\/2"}],"replies":[{"embeddable":true,"href":"https:\/\/www.apartmany-zabukem.cz\/en\/wp-json\/wp\/v2\/comments?post=1559"}],"version-history":[{"count":4,"href":"https:\/\/www.apartmany-zabukem.cz\/en\/wp-json\/wp\/v2\/posts\/1559\/revisions"}],"predecessor-version":[{"id":1786,"href":"https:\/\/www.apartmany-zabukem.cz\/en\/wp-json\/wp\/v2\/posts\/1559\/revisions\/1786"}],"wp:featuredmedia":[{"embeddable":true,"href":"https:\/\/www.apartmany-zabukem.cz\/en\/wp-json\/wp\/v2\/media\/1560"}],"wp:attachment":[{"href":"https:\/\/www.apartmany-zabukem.cz\/en\/wp-json\/wp\/v2\/media?parent=1559"}],"wp:term":[{"taxonomy":"category","embeddable":true,"href":"https:\/\/www.apartmany-zabukem.cz\/en\/wp-json\/wp\/v2\/categories?post=1559"},{"taxonomy":"post_tag","embeddable":true,"href":"https:\/\/www.apartmany-zabukem.cz\/en\/wp-json\/wp\/v2\/tags?post=1559"}],"curies":[{"name":"wp","href":"https:\/\/api.w.org\/{rel}","templated":true}]}}