{"id":1656,"date":"2023-02-20T19:42:39","date_gmt":"2023-02-20T18:42:39","guid":{"rendered":"https:\/\/www.apartmany-zabukem.cz\/?p=1656"},"modified":"2023-02-21T15:53:20","modified_gmt":"2023-02-21T14:53:20","slug":"vojenske-muzeum-kraliky","status":"publish","type":"post","link":"https:\/\/www.apartmany-zabukem.cz\/en\/activities\/military-museum-kraliky\/","title":{"rendered":"Military Museum Kr\u00e1l\u00edky"},"content":{"rendered":"<p>The Kr\u00edky Military Museum is the most modern military museum in the Czech Republic.<\/p>\n\n\n\n<p>The exhibition hall with an area of 2,400 m2 presents a cross-section of the history of the Czechoslovak and Czech army, its allies and enemies in 1938, Czechoslovak fortifications, World War II, the history of the resistance and occupation, military personalities and the issue of national defence. An outdoor shelter (700 m2) for large exhibits is adjacent to the hall.<\/p>\n\n\n\n<p>In the expositions of the museum one can meet heavy combat and military equipment, ammunition, means of protection against combat poisoning agents and weapons of mass destruction, materials about personalities (life stories of important men - soldiers: army general Ludv\u00edk Krej\u010d\u00ed, brigadier general Bohuslav Fiala, division general Karel Hus\u00e1rek); equipment and infantry armament. Part of the museum is a demonstration polygon (40,000 m2) - designed for demonstrations of combat and heavy military equipment in motion and action.<\/p>\n\n\n\n<p>Opening hours: - October to April 09:00 to 16:00, May to September 09:00 to 17:00<\/p>","protected":false},"excerpt":{"rendered":"<p>The Kr\u00edky Military Museum is the most modern military museum in the Czech Republic. The 2,400 m2 exhibition hall presents a cross-section of the history of the Czechoslovak and Czech army<\/p>","protected":false},"author":2,"featured_media":1657,"comment_status":"closed","ping_status":"closed","sticky":false,"template":"","format":"standard","meta":{"_acf_changed":false,"_kad_blocks_custom_css":"","_kad_blocks_head_custom_js":"","_kad_blocks_body_custom_js":"","_kad_blocks_footer_custom_js":"","_kad_post_transparent":"","_kad_post_title":"","_kad_post_layout":"","_kad_post_sidebar_id":"","_kad_post_content_style":"","_kad_post_vertical_padding":"","_kad_post_feature":"","_kad_post_feature_position":"","_kad_post_header":false,"_kad_post_footer":false,"slim_seo":{"title":"Vojensk\u00e9 muzeum Kr\u00e1l\u00edky - Apartm&aacute;ny za Bukem","description":"Vojensk\u00e9 muzeum Kr\u00edky je nejmodern\u011bj\u0161\u00edm vojensk\u00fdm muzeem na \u00fazem\u00ed \u010cR. V expozi\u010dn\u00ed hale s plochou 2 400 m2 p\u0159edstavuje formou pr\u016f\u0159ezu historii \u010deskoslovensk\u00e9 a \u010d"},"footnotes":""},"categories":[37,41,40,39],"tags":[99,102],"class_list":["post-1656","post","type-post","status-publish","format-standard","has-post-thumbnail","hentry","category-aktivity","category-aktivity-celorocne-orlicke-hory","category-aktivity-leto-orlicke-hory","category-aktivity-zima-orlicke-hory","tag-do-15-km","tag-vlakem"],"acf":[],"taxonomy_info":{"category":[{"value":37,"label":"Aktivity"},{"value":41,"label":"Celoro\u010dn\u011b"},{"value":40,"label":"L\u00e9to"},{"value":39,"label":"Zima"}],"post_tag":[{"value":99,"label":"do 15 km"},{"value":102,"label":"vlakem"}]},"featured_image_src_large":["https:\/\/www.apartmany-zabukem.cz\/wp-content\/uploads\/2023\/02\/R-5.jpeg",500,375,false],"author_info":{"display_name":"MartinaH","author_link":"https:\/\/www.apartmany-zabukem.cz\/en\/author\/martinah\/"},"comment_info":0,"category_info":[{"term_id":37,"name":"Aktivity","slug":"aktivity","term_group":0,"term_taxonomy_id":37,"taxonomy":"category","description":"","parent":0,"count":32,"filter":"raw","cat_ID":37,"category_count":32,"category_description":"","cat_name":"Aktivity","category_nicename":"aktivity","category_parent":0},{"term_id":41,"name":"Celoro\u010dn\u011b","slug":"aktivity-celorocne-orlicke-hory","term_group":0,"term_taxonomy_id":41,"taxonomy":"category","description":"","parent":37,"count":17,"filter":"raw","cat_ID":41,"category_count":17,"category_description":"","cat_name":"Celoro\u010dn\u011b","category_nicename":"aktivity-celorocne-orlicke-hory","category_parent":37},{"term_id":40,"name":"L\u00e9to","slug":"aktivity-leto-orlicke-hory","term_group":0,"term_taxonomy_id":40,"taxonomy":"category","description":"","parent":37,"count":17,"filter":"raw","cat_ID":40,"category_count":17,"category_description":"","cat_name":"L\u00e9to","category_nicename":"aktivity-leto-orlicke-hory","category_parent":37},{"term_id":39,"name":"Zima","slug":"aktivity-zima-orlicke-hory","term_group":0,"term_taxonomy_id":39,"taxonomy":"category","description":"","parent":37,"count":6,"filter":"raw","cat_ID":39,"category_count":6,"category_description":"","cat_name":"Zima","category_nicename":"aktivity-zima-orlicke-hory","category_parent":37}],"tag_info":[{"term_id":99,"name":"do 15 km","slug":"do-15-km","term_group":0,"term_taxonomy_id":99,"taxonomy":"post_tag","description":"","parent":0,"count":11,"filter":"raw"},{"term_id":102,"name":"vlakem","slug":"vlakem","term_group":0,"term_taxonomy_id":102,"taxonomy":"post_tag","description":"","parent":0,"count":13,"filter":"raw"}],"_links":{"self":[{"href":"https:\/\/www.apartmany-zabukem.cz\/en\/wp-json\/wp\/v2\/posts\/1656","targetHints":{"allow":["GET"]}}],"collection":[{"href":"https:\/\/www.apartmany-zabukem.cz\/en\/wp-json\/wp\/v2\/posts"}],"about":[{"href":"https:\/\/www.apartmany-zabukem.cz\/en\/wp-json\/wp\/v2\/types\/post"}],"author":[{"embeddable":true,"href":"https:\/\/www.apartmany-zabukem.cz\/en\/wp-json\/wp\/v2\/users\/2"}],"replies":[{"embeddable":true,"href":"https:\/\/www.apartmany-zabukem.cz\/en\/wp-json\/wp\/v2\/comments?post=1656"}],"version-history":[{"count":4,"href":"https:\/\/www.apartmany-zabukem.cz\/en\/wp-json\/wp\/v2\/posts\/1656\/revisions"}],"predecessor-version":[{"id":1732,"href":"https:\/\/www.apartmany-zabukem.cz\/en\/wp-json\/wp\/v2\/posts\/1656\/revisions\/1732"}],"wp:featuredmedia":[{"embeddable":true,"href":"https:\/\/www.apartmany-zabukem.cz\/en\/wp-json\/wp\/v2\/media\/1657"}],"wp:attachment":[{"href":"https:\/\/www.apartmany-zabukem.cz\/en\/wp-json\/wp\/v2\/media?parent=1656"}],"wp:term":[{"taxonomy":"category","embeddable":true,"href":"https:\/\/www.apartmany-zabukem.cz\/en\/wp-json\/wp\/v2\/categories?post=1656"},{"taxonomy":"post_tag","embeddable":true,"href":"https:\/\/www.apartmany-zabukem.cz\/en\/wp-json\/wp\/v2\/tags?post=1656"}],"curies":[{"name":"wp","href":"https:\/\/api.w.org\/{rel}","templated":true}]}}