{"id":1616,"date":"2023-02-20T19:08:39","date_gmt":"2023-02-20T18:08:39","guid":{"rendered":"https:\/\/www.apartmany-zabukem.cz\/?p=1616"},"modified":"2023-02-21T15:58:53","modified_gmt":"2023-02-21T14:58:53","slug":"rozhledna-krizova-hora","status":"publish","type":"post","link":"https:\/\/www.apartmany-zabukem.cz\/pl\/dzialania\/wieza-widokowa-krizova-hora\/","title":{"rendered":"Wie\u017ca widokowa K\u0159\u00ed\u017eov\u00e1 hora"},"content":{"rendered":"<p>Projekt mgr in\u017c. Arch. M\u00e1dl\u00edka, kt\u00f3ry z wyczuciem podchodzi do miejsca, tak aby budynek minimalnie zak\u0142\u00f3ca\u0142 otaczaj\u0105cy krajobraz, a jednocze\u015bnie sta\u0142 si\u0119 now\u0105 dominant\u0105 szerokiego otoczenia. Sk\u0142ada si\u0119 z parterowej otwartej galerii zwie\u0144czonej zaokr\u0105glonym dachem oraz wie\u017cy z galeri\u0105 widokow\u0105 na wysoko\u015bci 25 m nad poziomem gruntu. Rdze\u0144 wie\u017cy sk\u0142ada si\u0119 z betonowej rury, pokrytej drewnianymi elementami.<\/p>\n\n\n\n<p>Pierwotna tre\u015b\u0107 miejsca jest przywo\u0142ywana przez historyczny \u015blad pierwotnego ko\u015bcio\u0142a, wykonany w kamiennym chodniku wy\u0142o\u017conym traw\u0105, wok\u00f3\u0142 kt\u00f3rego rozwija si\u0119 nowa historia obecnego nowego budynku, jako miejsce spotka\u0144, organizowania wydarze\u0144 kulturalnych na \u015bwie\u017cym powietrzu, jako miejsce zwiedzania, wycieczek i pielgrzymek.<\/p>\n\n\n\n<p>K\u0159\u00ed\u017eov\u00e1 hora jest jednym ze szczyt\u00f3w Je\u0159abskiej Vrchoviny i wznosi si\u0119 na wysoko\u015b\u0107 735 m n.p.m. na wsch\u00f3d od miejscowo\u015bci \u010cerven\u00e1 Voda. W przesz\u0142o\u015bci by\u0142o to popularne miejsce wycieczek i pielgrzymek mieszka\u0144c\u00f3w Czerwonej Wody, na szczyt prowadzi\u0142a droga krzy\u017cowa, na p\u0142askowy\u017cu sta\u0142 drewniany ko\u015bci\u00f3\u0142 i restauracja. Od czas\u00f3w wojny, ze wszystkimi jej konsekwencjami, miejsce to stopniowo opustosza\u0142o, stacje drogi krzy\u017cowej zosta\u0142y zniszczone, a ko\u015bci\u00f3\u0142 zburzony. Wie\u017ca widokowa zosta\u0142a otwarta w czerwcu 2007 roku.<\/p>\n\n\n\n<p><\/p>","protected":false},"excerpt":{"rendered":"<p>Projekt mgr in\u017c. Arch. M\u00e1dl\u00edka, kt\u00f3ry z wyczuciem podchodzi do terenu, tak aby budynek minimalnie zak\u0142\u00f3ca\u0142...<\/p>","protected":false},"author":2,"featured_media":1617,"comment_status":"closed","ping_status":"closed","sticky":false,"template":"","format":"standard","meta":{"_acf_changed":false,"_kad_blocks_custom_css":"","_kad_blocks_head_custom_js":"","_kad_blocks_body_custom_js":"","_kad_blocks_footer_custom_js":"","_kad_post_transparent":"","_kad_post_title":"","_kad_post_layout":"","_kad_post_sidebar_id":"","_kad_post_content_style":"","_kad_post_vertical_padding":"","_kad_post_feature":"","_kad_post_feature_position":"","_kad_post_header":false,"_kad_post_footer":false,"slim_seo":{"title":"Rozhledna K\u0159\u00ed\u017eov\u00e1 hora - Apartm&aacute;ny za Bukem","description":"K realizaci byl vybr\u00e1n projekt Ing. Arch. M\u00e1dl\u00edka, kter\u00fd citliv\u011b p\u0159istupuje k dan\u00e9 lokalit\u011b tak, aby stavba minim\u00e1ln\u011b naru\u0161ovala okoln\u00ed krajinu a z\u00e1rove\u0148 se sta"},"footnotes":""},"categories":[37,40],"tags":[99,102],"class_list":["post-1616","post","type-post","status-publish","format-standard","has-post-thumbnail","hentry","category-aktivity","category-aktivity-leto-orlicke-hory","tag-do-15-km","tag-vlakem"],"acf":[],"taxonomy_info":{"category":[{"value":37,"label":"Aktivity"},{"value":40,"label":"L\u00e9to"}],"post_tag":[{"value":99,"label":"do 15 km"},{"value":102,"label":"vlakem"}]},"featured_image_src_large":["https:\/\/www.apartmany-zabukem.cz\/wp-content\/uploads\/2023\/02\/R-1.jpeg",1024,683,false],"author_info":{"display_name":"MartinaH","author_link":"https:\/\/www.apartmany-zabukem.cz\/pl\/author\/martinah\/"},"comment_info":0,"category_info":[{"term_id":37,"name":"Aktivity","slug":"aktivity","term_group":0,"term_taxonomy_id":37,"taxonomy":"category","description":"","parent":0,"count":32,"filter":"raw","cat_ID":37,"category_count":32,"category_description":"","cat_name":"Aktivity","category_nicename":"aktivity","category_parent":0},{"term_id":40,"name":"L\u00e9to","slug":"aktivity-leto-orlicke-hory","term_group":0,"term_taxonomy_id":40,"taxonomy":"category","description":"","parent":37,"count":17,"filter":"raw","cat_ID":40,"category_count":17,"category_description":"","cat_name":"L\u00e9to","category_nicename":"aktivity-leto-orlicke-hory","category_parent":37}],"tag_info":[{"term_id":99,"name":"do 15 km","slug":"do-15-km","term_group":0,"term_taxonomy_id":99,"taxonomy":"post_tag","description":"","parent":0,"count":11,"filter":"raw"},{"term_id":102,"name":"vlakem","slug":"vlakem","term_group":0,"term_taxonomy_id":102,"taxonomy":"post_tag","description":"","parent":0,"count":13,"filter":"raw"}],"_links":{"self":[{"href":"https:\/\/www.apartmany-zabukem.cz\/pl\/wp-json\/wp\/v2\/posts\/1616","targetHints":{"allow":["GET"]}}],"collection":[{"href":"https:\/\/www.apartmany-zabukem.cz\/pl\/wp-json\/wp\/v2\/posts"}],"about":[{"href":"https:\/\/www.apartmany-zabukem.cz\/pl\/wp-json\/wp\/v2\/types\/post"}],"author":[{"embeddable":true,"href":"https:\/\/www.apartmany-zabukem.cz\/pl\/wp-json\/wp\/v2\/users\/2"}],"replies":[{"embeddable":true,"href":"https:\/\/www.apartmany-zabukem.cz\/pl\/wp-json\/wp\/v2\/comments?post=1616"}],"version-history":[{"count":5,"href":"https:\/\/www.apartmany-zabukem.cz\/pl\/wp-json\/wp\/v2\/posts\/1616\/revisions"}],"predecessor-version":[{"id":1751,"href":"https:\/\/www.apartmany-zabukem.cz\/pl\/wp-json\/wp\/v2\/posts\/1616\/revisions\/1751"}],"wp:featuredmedia":[{"embeddable":true,"href":"https:\/\/www.apartmany-zabukem.cz\/pl\/wp-json\/wp\/v2\/media\/1617"}],"wp:attachment":[{"href":"https:\/\/www.apartmany-zabukem.cz\/pl\/wp-json\/wp\/v2\/media?parent=1616"}],"wp:term":[{"taxonomy":"category","embeddable":true,"href":"https:\/\/www.apartmany-zabukem.cz\/pl\/wp-json\/wp\/v2\/categories?post=1616"},{"taxonomy":"post_tag","embeddable":true,"href":"https:\/\/www.apartmany-zabukem.cz\/pl\/wp-json\/wp\/v2\/tags?post=1616"}],"curies":[{"name":"wp","href":"https:\/\/api.w.org\/{rel}","templated":true}]}}